{"id":2231,"date":"2022-10-29T08:42:31","date_gmt":"2022-10-29T08:42:31","guid":{"rendered":"http:\/\/www.neckargemuend-aktuell.de\/?p=2231"},"modified":"2022-11-03T12:52:51","modified_gmt":"2022-11-03T12:52:51","slug":"abendbummel-november-2022","status":"publish","type":"post","link":"https:\/\/www.neckargemuend-aktuell.de\/?p=2231","title":{"rendered":"Abendbummel November 2022"},"content":{"rendered":"<h2>4. November: Licht in der Dunkelheit<\/h2>\n<div class=\"longpost\">\n<p><a href=\"https:\/\/www.neckargemuend-aktuell.de\/wp-content\/uploads\/2022\/10\/plakat_11-2022.jpg\" rel=\"lightbox[2231]\"><img decoding=\"async\" class=\"aligncenter wp-image-2091 size-large\" src=\"https:\/\/www.neckargemuend-aktuell.de\/wp-content\/uploads\/2022\/10\/plakat_11-2022.jpg\" alt=\"\" width=\"400px\" \/><\/a><\/p>\n<p>Im Mittelpunkt des Abendbummelfreitags am 4.11. wird die Er\u00f6ffnung des nach 3 Jahren wieder stattfindenden Bohrermarktes sein. Trotzdem will der Gewerbeverein auf seine Mitglieder und die anderen Gesch\u00e4fte in Neckargem\u00fcnd aufmerksam machen. Aufmerksam auf die verl\u00e4ngerte \u00d6ffnungszeiten bis 20:00 an diesem Tag, auf besondere Angebote in den Gesch\u00e4ften, wo man jetzt schon f\u00fcr Weihnachten f\u00fcndig werden kann, da gerade in Neckargem\u00fcnd das Angebot exquisit und sehr ausgefallen ist. Deshalb hei\u00dft unser Motto auch zu diesem Anlass \u201e Licht in der Dunkelheit\u201c. Das zeigen wir durch 4 Lichtskulpturen (LED-Leuchten, niedriger Stromverbrauch) auf dem Marktplatz in der Zeit von 17:00 bis 20:00. Diese Botschaft ist durchaus zweideutig gemeint. Zum einen, Licht f\u00fcr unseren Einzelhandel und zum anderen Licht in dieser dunklen Zeit. Machen Sie einen Bummel durch die Hauptstra\u00dfe und die Gesch\u00e4fte. Genie\u00dfen Sie den Anblick der Lichtskulpturen.<\/p>\n<div style=\"padding: 15px; background-color: #ff0000; color: #ffffff; font-weigth: bold; font-size: 1.2em;\">\n<p>Die angek\u00fcndigte &#8222;Lichtinstallationen&#8220; auf dem Marktplatz muss leider aufgrund der unsicheren Wettervorhersage entfallen, da Regen hier zu Besch\u00e4digungen f\u00fchren k\u00f6nnte.<\/p>\n<p>Der Abendbummel zum Bohrermarkt mit verl\u00e4ngerten \u00d6ffnungszeiten und besonderen Angeboten in den Gesch\u00e4ften findet aber wie angek\u00fcndigt statt! Unterst\u00fctzen Sie die lokalen Gewerbetreibenden durch Ihren Einkauf.<\/p>\n<\/div>\n<p>&nbsp;<\/p>\n<p><a href=\"http:\/\/www.neckargemuend-aktuell.de\/wp-content\/uploads\/2022\/10\/lichter.jpg\" rel=\"lightbox[2231]\"><img decoding=\"async\" loading=\"lazy\" class=\"size-full wp-image-2233 aligncenter\" src=\"http:\/\/www.neckargemuend-aktuell.de\/wp-content\/uploads\/2022\/10\/lichter.jpg\" alt=\"\" width=\"560\" height=\"367\" srcset=\"https:\/\/www.neckargemuend-aktuell.de\/wp-content\/uploads\/2022\/10\/lichter.jpg 560w, https:\/\/www.neckargemuend-aktuell.de\/wp-content\/uploads\/2022\/10\/lichter-300x197.jpg 300w\" sizes=\"(max-width: 560px) 100vw, 560px\" \/><\/a><\/p>\n<p>Die Gesch\u00e4fte haben bis 20:00 offen und haben<br \/>\nwie immer am Abendbummel besondere Angebote. Das Programm und weitere Informationen ist auch auf Facebook Abendbummel zu finden.<\/p>\n<\/div>\n<p><!-- Longpost ende --><\/p>\n","protected":false},"excerpt":{"rendered":"<p>4. November: Licht in der Dunkelheit Im Mittelpunkt des Abendbummelfreitags am 4.11. wird die Er\u00f6ffnung des nach 3 Jahren wieder stattfindenden Bohrermarktes sein. Trotzdem will der Gewerbeverein auf seine Mitglieder&#8230;<\/p>\n","protected":false},"author":1,"featured_media":0,"comment_status":"open","ping_status":"open","sticky":false,"template":"","format":"standard","meta":[],"categories":[16],"tags":[],"_links":{"self":[{"href":"https:\/\/www.neckargemuend-aktuell.de\/index.php?rest_route=\/wp\/v2\/posts\/2231"}],"collection":[{"href":"https:\/\/www.neckargemuend-aktuell.de\/index.php?rest_route=\/wp\/v2\/posts"}],"about":[{"href":"https:\/\/www.neckargemuend-aktuell.de\/index.php?rest_route=\/wp\/v2\/types\/post"}],"author":[{"embeddable":true,"href":"https:\/\/www.neckargemuend-aktuell.de\/index.php?rest_route=\/wp\/v2\/users\/1"}],"replies":[{"embeddable":true,"href":"https:\/\/www.neckargemuend-aktuell.de\/index.php?rest_route=%2Fwp%2Fv2%2Fcomments&post=2231"}],"version-history":[{"count":8,"href":"https:\/\/www.neckargemuend-aktuell.de\/index.php?rest_route=\/wp\/v2\/posts\/2231\/revisions"}],"predecessor-version":[{"id":2247,"href":"https:\/\/www.neckargemuend-aktuell.de\/index.php?rest_route=\/wp\/v2\/posts\/2231\/revisions\/2247"}],"wp:attachment":[{"href":"https:\/\/www.neckargemuend-aktuell.de\/index.php?rest_route=%2Fwp%2Fv2%2Fmedia&parent=2231"}],"wp:term":[{"taxonomy":"category","embeddable":true,"href":"https:\/\/www.neckargemuend-aktuell.de\/index.php?rest_route=%2Fwp%2Fv2%2Fcategories&post=2231"},{"taxonomy":"post_tag","embeddable":true,"href":"https:\/\/www.neckargemuend-aktuell.de\/index.php?rest_route=%2Fwp%2Fv2%2Ftags&post=2231"}],"curies":[{"name":"wp","href":"https:\/\/api.w.org\/{rel}","templated":true}]}}