{"id":2297,"date":"2023-02-09T08:38:27","date_gmt":"2023-02-09T08:38:27","guid":{"rendered":"https:\/\/www.neckargemuend-aktuell.de\/?p=2297"},"modified":"2023-02-09T08:38:29","modified_gmt":"2023-02-09T08:38:29","slug":"abendbummel-maerz-2023","status":"publish","type":"post","link":"https:\/\/www.neckargemuend-aktuell.de\/?p=2297","title":{"rendered":"Abendbummel M\u00e4rz 2023"},"content":{"rendered":"<h2>3. M\u00e4rz: FASZINIERENDES INDIEN<\/h2>\n<div class=\"longpost\">\n<p><a href=\"https:\/\/www.neckargemuend-aktuell.de\/wp-content\/uploads\/2023\/02\/plakat_03-2023.jpg\" rel=\"lightbox[2297]\"><img decoding=\"async\" class=\"aligncenter wp-image-2091 size-large\" src=\"https:\/\/www.neckargemuend-aktuell.de\/wp-content\/uploads\/2023\/02\/plakat_03-2023.jpg\" alt=\"\" width=\"400px\" \/><\/a><\/p>\n<h2><\/h2>\n<p><strong>Der Abendbummel des Gewerbevereins startet am Freitag 3.M\u00e4rz 2023 unter dem Motto \u201eReiselust neu entdecken\u201c mit einem Bildvortrag des Neckargem\u00fcnder Fotografen Norbert Becke<\/strong><\/p>\n<h2>FASZINIERENDES INDIEN<\/h2>\n<p>Von Delhi im Norden bis nach Cochin im S\u00fcden \u2013 mit seinen farbenpr\u00e4chtigen Bildern nimmt Sie Norbert Becke mit auf eine Reise durch Indien, einem faszinierenden Land mit m\u00e4rchenhaften Pal\u00e4sten und Tempeln, spektakul\u00e4ren Landschaften und anmutigen Menschen. Der Palast der Winde in Jaipur, das Taj Mahal in Agra oder Varanasi, die heilige Stadt am Ganges, sind nur einige von vielen eindrucksvollen Stationen dieser Reise.<\/p>\n<p>Mehr als 1,4 Milliarden Menschen leben in dem Vielv\u00f6lkerstaat, dessen ethnische Gruppierungen rund 780 Sprachen sprechen. So \u00fcberrascht es wenig, dass dieses Land viele Widerspr\u00fcche in sich vereint. Leben und Tod, Freude und Trauer, bittere Armut und freiwilliges Asketentum existieren hier wie selbstverst\u00e4ndlich nebeneinander. \u00dcber 80% der Inderinnen und Inder geh\u00f6ren dem Hinduismus an, der nahezu alle Lebensbereiche bestimmt. Obwohl die Kastenordnung bereits 1949 offiziell abgeschafft wurde, bestimmt sie vor allem in l\u00e4ndlichen Gebieten immer noch das soziale Leben. Die Fotografien von Norbert Becke lassen Sie eintauchen in die einzigartige Kultur dieses Landes.<\/p>\n<p>Wie immer am Abendbummel haben die Gesch\u00e4fte in der Altstadt bis 20:00 ge\u00f6ffnet und werden an diesen Tagen auch besondere Angebote vorhalten. Bildvortrag von Norbert Becke<\/p>\n<p>Freitag, 03.03.2023, 19:00 Uhr Prinz Carl, Hauptstr. 56, 69151 Neckargem\u00fcnd Eintritt frei<\/p>\n<\/div>\n<p><!-- Longpost ende --><\/p>\n","protected":false},"excerpt":{"rendered":"<p>3. M\u00e4rz: FASZINIERENDES INDIEN Der Abendbummel des Gewerbevereins startet am Freitag 3.M\u00e4rz 2023 unter dem Motto \u201eReiselust neu entdecken\u201c mit einem Bildvortrag des Neckargem\u00fcnder Fotografen Norbert Becke FASZINIERENDES INDIEN Von&#8230;<\/p>\n","protected":false},"author":1,"featured_media":0,"comment_status":"open","ping_status":"open","sticky":false,"template":"","format":"standard","meta":[],"categories":[16],"tags":[],"_links":{"self":[{"href":"https:\/\/www.neckargemuend-aktuell.de\/index.php?rest_route=\/wp\/v2\/posts\/2297"}],"collection":[{"href":"https:\/\/www.neckargemuend-aktuell.de\/index.php?rest_route=\/wp\/v2\/posts"}],"about":[{"href":"https:\/\/www.neckargemuend-aktuell.de\/index.php?rest_route=\/wp\/v2\/types\/post"}],"author":[{"embeddable":true,"href":"https:\/\/www.neckargemuend-aktuell.de\/index.php?rest_route=\/wp\/v2\/users\/1"}],"replies":[{"embeddable":true,"href":"https:\/\/www.neckargemuend-aktuell.de\/index.php?rest_route=%2Fwp%2Fv2%2Fcomments&post=2297"}],"version-history":[{"count":5,"href":"https:\/\/www.neckargemuend-aktuell.de\/index.php?rest_route=\/wp\/v2\/posts\/2297\/revisions"}],"predecessor-version":[{"id":2352,"href":"https:\/\/www.neckargemuend-aktuell.de\/index.php?rest_route=\/wp\/v2\/posts\/2297\/revisions\/2352"}],"wp:attachment":[{"href":"https:\/\/www.neckargemuend-aktuell.de\/index.php?rest_route=%2Fwp%2Fv2%2Fmedia&parent=2297"}],"wp:term":[{"taxonomy":"category","embeddable":true,"href":"https:\/\/www.neckargemuend-aktuell.de\/index.php?rest_route=%2Fwp%2Fv2%2Fcategories&post=2297"},{"taxonomy":"post_tag","embeddable":true,"href":"https:\/\/www.neckargemuend-aktuell.de\/index.php?rest_route=%2Fwp%2Fv2%2Ftags&post=2297"}],"curies":[{"name":"wp","href":"https:\/\/api.w.org\/{rel}","templated":true}]}}