{"id":2663,"date":"2025-06-23T08:25:07","date_gmt":"2025-06-23T08:25:07","guid":{"rendered":"https:\/\/www.neckargemuend-aktuell.de\/?p=2663"},"modified":"2025-06-23T08:25:09","modified_gmt":"2025-06-23T08:25:09","slug":"abendbummel-juli-2025","status":"publish","type":"post","link":"https:\/\/www.neckargemuend-aktuell.de\/?p=2663","title":{"rendered":"Abendbummel Juli 2025"},"content":{"rendered":"<h2>Abendbummel 4. Juli \u2013 \u201eOldtimer\u201c<\/h2>\n<div class=\"longpost\">\n<h2><\/h2>\n<p><a href=\"https:\/\/www.neckargemuend-aktuell.de\/wp-content\/uploads\/2025\/05\/06\/post-07-25.jpg\" rel=\"lightbox[2614]\"><img decoding=\"async\" loading=\"lazy\" class=\"aligncenter wp-image-2091 \" src=\"https:\/\/www.neckargemuend-aktuell.de\/wp-content\/uploads\/2025\/06\/post-07-25.jpg\" alt=\"\" width=\"454\" height=\"238\" \/><\/a><\/p>\n<p>Eine besondere Attraktion kann der Gewerbeverein Neckargem\u00fcnd am Abendbummel Freitag 4. Juli bieten. Ab etwa 14.30 Uhr werden \u00fcber 180 Oldtimer der Heidelberg Historic durch die Neckargem\u00fcnder Altstadt fahren und dabei kurz am Marktplatz an einer Z\u00e4hlstelle Station machen.<\/p>\n<p>Da inzwischen mehr als 180 Oldtimer, darunter 16 besonders seltene Vorkriegsfahrzeuge, auf dem Weg sind, wird die Durchfahrt der Automobillisch\u00e4tze mehr als 3 Stunden dauern. Ein fachkundiger Moderator wird vor Ort sein und die einzelnen Modelle vorstellen. Die umliegende Gastronomie und das Weinst\u00e4ndche werden f\u00fcr die Versorgung mit Getr\u00e4nken und kleinen Speisen sorgen. Nutzen Sie auch die Gelegenheit, bei unseren Fachgesch\u00e4ften vorbei zu schauen.<\/p>\n<p>Mit \u00fcber 180 Oldtimern , ist die diesj\u00e4hrige Heidelberg Historic des ADAC Nordbaden e.V. erneut ein ganz besonderes Highlight im Terminkalender f\u00fcr Fans historischer Automobile. Die 29. Ausgabe der beliebten Rallye findet von 3. bis 5. Juli 2025 statt, Start und Zielpunkt ist traditionell das Technik Museum in Sinsheim. Das \u00e4lteste gemeldete Fahrzeug der diesj\u00e4hrigen Traditionsveranstaltung, ein Ford Modell T Speedster (Startnummer 18), ist mit Baujahr 1912 genau 113 Jahre alt. Mit Oldtimern bis Baujahr 1976 im regul\u00e4ren Starterfeld, bietet die Heidelberg Historic eine faszinierende Zeitreise durch sieben Jahrzehnte.<\/p>\n<p>Auch zu diesem Abendbummel bieten die Stadtb\u00fccherei und das Museum im Kultur-Haltepunkt Altes Rathaus von 15-18 Uhr die M\u00f6glichkeit, die Sonderausstellung &#8222;Gez\u00e4hnt, gefl\u00fcgelt, gef\u00e4hrdet. Eine Foto-Ausstellung zu Libellen zwischen Kunst und Klimawandel&#8220; zu besuchen. Ab 17 Uhr gibt es zudem ein K\u00fcnstlergespr\u00e4ch zu Fototechnik und Libellen mit Claus Herboth und Michael Post.<\/p>\n<p><!-- Longpost ende --><\/p>\n<\/div>\n","protected":false},"excerpt":{"rendered":"<p>Abendbummel 4. Juli \u2013 \u201eOldtimer\u201c Eine besondere Attraktion kann der Gewerbeverein Neckargem\u00fcnd am Abendbummel Freitag 4. Juli bieten. Ab etwa 14.30 Uhr werden \u00fcber 180 Oldtimer der Heidelberg Historic durch&#8230;<\/p>\n","protected":false},"author":1,"featured_media":0,"comment_status":"open","ping_status":"open","sticky":false,"template":"","format":"standard","meta":[],"categories":[16],"tags":[],"_links":{"self":[{"href":"https:\/\/www.neckargemuend-aktuell.de\/index.php?rest_route=\/wp\/v2\/posts\/2663"}],"collection":[{"href":"https:\/\/www.neckargemuend-aktuell.de\/index.php?rest_route=\/wp\/v2\/posts"}],"about":[{"href":"https:\/\/www.neckargemuend-aktuell.de\/index.php?rest_route=\/wp\/v2\/types\/post"}],"author":[{"embeddable":true,"href":"https:\/\/www.neckargemuend-aktuell.de\/index.php?rest_route=\/wp\/v2\/users\/1"}],"replies":[{"embeddable":true,"href":"https:\/\/www.neckargemuend-aktuell.de\/index.php?rest_route=%2Fwp%2Fv2%2Fcomments&post=2663"}],"version-history":[{"count":3,"href":"https:\/\/www.neckargemuend-aktuell.de\/index.php?rest_route=\/wp\/v2\/posts\/2663\/revisions"}],"predecessor-version":[{"id":2674,"href":"https:\/\/www.neckargemuend-aktuell.de\/index.php?rest_route=\/wp\/v2\/posts\/2663\/revisions\/2674"}],"wp:attachment":[{"href":"https:\/\/www.neckargemuend-aktuell.de\/index.php?rest_route=%2Fwp%2Fv2%2Fmedia&parent=2663"}],"wp:term":[{"taxonomy":"category","embeddable":true,"href":"https:\/\/www.neckargemuend-aktuell.de\/index.php?rest_route=%2Fwp%2Fv2%2Fcategories&post=2663"},{"taxonomy":"post_tag","embeddable":true,"href":"https:\/\/www.neckargemuend-aktuell.de\/index.php?rest_route=%2Fwp%2Fv2%2Ftags&post=2663"}],"curies":[{"name":"wp","href":"https:\/\/api.w.org\/{rel}","templated":true}]}}