{"id":2702,"date":"2025-10-28T08:08:41","date_gmt":"2025-10-28T08:08:41","guid":{"rendered":"https:\/\/www.neckargemuend-aktuell.de\/?p=2702"},"modified":"2025-10-28T08:08:43","modified_gmt":"2025-10-28T08:08:43","slug":"abendbummel-november-2025-leuchtender-abendbummel-zum-bohrermarkt","status":"publish","type":"post","link":"https:\/\/www.neckargemuend-aktuell.de\/?p=2702","title":{"rendered":"Abendbummel November 2025 &#8211; Leuchtender Abendbummel zum Bohrermarkt"},"content":{"rendered":"<div class=\"entry\">\n<h2>Abendbummel November 2025 &#8211; &#8222;Leuchtender Abendbummel zum Bohrermarkt&#8220;<\/h2>\n<div class=\"longpost\">\n<h2><\/h2>\n<p><a href=\"https:\/\/www.neckargemuend-aktuell.de\/wp-content\/uploads\/2025\/10\/post_11-2025.jpg\" rel=\"lightbox[2614]\"><img decoding=\"async\" loading=\"lazy\" class=\"aligncenter wp-image-2091 \" src=\"https:\/\/www.neckargemuend-aktuell.de\/wp-content\/uploads\/2025\/10\/post_11-2025.jpg\" alt=\"\" width=\"454\" height=\"238\" \/><\/a><\/p>\n<p>Am 7. November werden zur Er\u00f6ffnung des Bohrermarkts in Neckargem\u00fcnd in unseren L\u00e4den in der Altstadt kleine Lichter leuchten und eine Illumination des Marktplatzbrunnens sie zu einem Bummel durch die Altstadt vor dem Besuch des Bohrermarkts einladen.<\/p>\n<p><strong>Ab 17:00 l\u00e4dt Sie die Physiotherapiepraxis Schuster 2 in der Schiffsgasse zu Ihrem 10 j\u00e4hrigen Jubil\u00e4um ein<\/strong><\/p>\n<p>\u201eIm Jahr\u00a01981\u00a0gr\u00fcndete\u00a0R\u00fcdiger Schuster\u00a0die\u00a0Massagepraxis Schuster\u00a0und legte damit den Grundstein f\u00fcr \u00fcber vier Jahrzehnte Therapie mit Fachwissen, Engagement und pers\u00f6nlicher Betreuung.<\/p>\n<p>2015\u00a0begann ein neues Kapitel: Sohn\u00a0Thomas Schuster\u00a0stieg in die Praxis ein und brachte frische Ideen, moderne Trainingskonzepte und neue Impulse mit. Gemeinsam entwickelten sie die Praxis weiter \u2013 aus der langj\u00e4hrigen Einzelpraxis entstand die Gemeinschaftspraxis\u00a0\u201eSchuster 2 \u2013 Physiotherapie &amp; Training\u201c\u00a0in den heutigen R\u00e4umlichkeiten.\u201c Die Praxis Schuster 2 &#8211; Physiotherapie und Training l\u00e4dt alle Interessierte zum Kennenlernen der R\u00e4umlichkeiten bei einem Glas Sekt, kleinen Knabbereien und guten Gespr\u00e4chen in entspannter Atmosph\u00e4re ein.<\/p>\n<p>Als besonderes Highlight findet an diesem Abend au\u00dferdem eine\u00a0Vernissage mit Werken des K\u00fcnstlers <strong>Aron G\u00f6ttmann<\/strong>\u00a0statt.<\/p>\n<p><img decoding=\"async\" loading=\"lazy\" class=\"aligncenter wp-image-2091 \" src=\"https:\/\/www.neckargemuend-aktuell.de\/wp-content\/uploads\/2025\/10\/75F7ACC8-BE7F-49AF-A6D5-37ECD030AFA9.jpeg\" alt=\"\" width=\"454\" height=\"238\" \/><\/p>\n<p>Aron G\u00f6ttmann ist in Sch\u00f6nau und Neckargem\u00fcnd aufgewachsen, lebt und arbeitet heute in Berlin. Der 28-j\u00e4hrige kombiniert in seinen gro\u00dfformatigen Arbeiten \u00d6lpastellkreiden mit \u00d6l- und Acrylfarben, um lebendige, vielschichtige Figurenwelten zu schaffen. Besonders pr\u00e4gend ist seine Art, Gesichter und Figuren zu verfremden, neu zu komponieren und miteinander zu verschmelzen. So entsteht eine organische, ineinander verwobene Einheit, die traditionelle Grenzen der fig\u00fcrlichen Kunst hinterfragt und den Betrachter zu neuen Perspektiven einl\u00e4dt.<\/p>\n<p><strong>Von 15-19 Uhr l\u00e4dt das Museum im Alten Rathaus Neckargem\u00fcnd zum K\u00fcnstlerinnengespr\u00e4ch und Finissage der Kunstausstellung &#8222;Invasive Art &#8211; im Fluss der Zeit&#8220;<\/strong><\/p>\n<p><img decoding=\"async\" loading=\"lazy\" class=\"aligncenter wp-image-2091 \" src=\"https:\/\/www.neckargemuend-aktuell.de\/wp-content\/uploads\/2025\/10\/Kuenstlerinnen_mit_Kulturreferentin.jpg\" alt=\"\" width=\"454\" height=\"238\" \/><\/p>\n<p>Die drei K\u00fcnstlerinnen Sabine Friebe-Minden, Sabine Schreier und Angelika Wild-Wagner laden um 15 Uhr zum K\u00fcnstlerinnengespr\u00e4ch ins Museum im Alten Rathaus ein und f\u00fchren durch die Ausstellung. Ab 17 Uhr wird bei einem Glas Sekt und ein paar Knabbereien letztmalig Gelegenheit dazu sein, durch die Sonderausstellung zu flanieren und sich von den zeitgen\u00f6ssischen Kunstwerken inspirieren zu lassen. Eintritt frei. Spenden erbeten.<\/p>\n<p>In der unteren Zwingergasse (am Hanfmarkt) \u00f6ffnet au\u00dferdem <strong>\u201eSelection Lucull\u201c<\/strong> noch einmal kurzfristig zu einem Sonderverkauf erlesener lokaler Destillate und Lik\u00f6re die Tore.<\/p>\n<p><!-- Longpost ende --><\/p>\n<\/div>\n<\/div>\n","protected":false},"excerpt":{"rendered":"<p>Abendbummel November 2025 &#8211; &#8222;Leuchtender Abendbummel zum Bohrermarkt&#8220; Am 7. November werden zur Er\u00f6ffnung des Bohrermarkts in Neckargem\u00fcnd in unseren L\u00e4den in der Altstadt kleine Lichter leuchten und eine Illumination&#8230;<\/p>\n","protected":false},"author":1,"featured_media":0,"comment_status":"open","ping_status":"open","sticky":false,"template":"","format":"standard","meta":[],"categories":[16],"tags":[],"_links":{"self":[{"href":"https:\/\/www.neckargemuend-aktuell.de\/index.php?rest_route=\/wp\/v2\/posts\/2702"}],"collection":[{"href":"https:\/\/www.neckargemuend-aktuell.de\/index.php?rest_route=\/wp\/v2\/posts"}],"about":[{"href":"https:\/\/www.neckargemuend-aktuell.de\/index.php?rest_route=\/wp\/v2\/types\/post"}],"author":[{"embeddable":true,"href":"https:\/\/www.neckargemuend-aktuell.de\/index.php?rest_route=\/wp\/v2\/users\/1"}],"replies":[{"embeddable":true,"href":"https:\/\/www.neckargemuend-aktuell.de\/index.php?rest_route=%2Fwp%2Fv2%2Fcomments&post=2702"}],"version-history":[{"count":2,"href":"https:\/\/www.neckargemuend-aktuell.de\/index.php?rest_route=\/wp\/v2\/posts\/2702\/revisions"}],"predecessor-version":[{"id":2707,"href":"https:\/\/www.neckargemuend-aktuell.de\/index.php?rest_route=\/wp\/v2\/posts\/2702\/revisions\/2707"}],"wp:attachment":[{"href":"https:\/\/www.neckargemuend-aktuell.de\/index.php?rest_route=%2Fwp%2Fv2%2Fmedia&parent=2702"}],"wp:term":[{"taxonomy":"category","embeddable":true,"href":"https:\/\/www.neckargemuend-aktuell.de\/index.php?rest_route=%2Fwp%2Fv2%2Fcategories&post=2702"},{"taxonomy":"post_tag","embeddable":true,"href":"https:\/\/www.neckargemuend-aktuell.de\/index.php?rest_route=%2Fwp%2Fv2%2Ftags&post=2702"}],"curies":[{"name":"wp","href":"https:\/\/api.w.org\/{rel}","templated":true}]}}